{"id":2760,"date":"2024-11-18T19:23:13","date_gmt":"2024-11-18T19:23:13","guid":{"rendered":"https:\/\/ee2.put.poznan.pl\/?p=2760"},"modified":"2024-11-18T19:29:36","modified_gmt":"2024-11-18T19:29:36","slug":"prof-janusz-wojtkowiak-reprezentantem-politechniki-poznanskiej-na-konferencji-atom-klimat-bezpieczenstwo-energetyczne","status":"publish","type":"post","link":"https:\/\/ee2.put.poznan.pl\/index.php\/2024\/11\/18\/prof-janusz-wojtkowiak-reprezentantem-politechniki-poznanskiej-na-konferencji-atom-klimat-bezpieczenstwo-energetyczne\/","title":{"rendered":"prof. Janusz Wojtkowiak reprezentantem Politechniki Pozna\u0144skiej na konferencji &#8222;Atom, klimat, bezpiecze\u0144stwo energetyczne&#8221;"},"content":{"rendered":"<p>18 pa\u017adziernika 2024 prof. Janusz Wojtkowiak uczestniczy\u0142, w roli panelisty reprezentuj\u0105cego Politechnik\u0119 Pozna\u0144sk\u0105, w konferencji \u201eAtom, klimat, bezpiecze\u0144stwo energetyczne\u201d zorganizowanej przez senatora Stanis\u0142awa Gaw\u0142owskiego &#8211; Przewodnicz\u0105cego Komisji Klimatu i \u015arodowiska. Konferencja odby\u0142a si\u0119 w gmachu Senatu RP w Warszawie. W dyskusji panelowej, obok reprezentanta PP, wzi\u0119li udzia\u0142 przedstawiciele Narodowego Centrum Bada\u0144 J\u0105drowych, Politechniki Warszawskiej, Akademii G\u00f3rniczo-Hutniczej, Politechniki \u015al\u0105skiej i Uniwersytetu Gda\u0144skiego.<\/p>\n<p>wi\u0119cej na stronie internetowej Senatu Rzeczypospolitej Polskiej: <a href=\"https:\/\/www.senat.gov.pl\/aktualnoscilista\/art,16491,debata-ekspercka-atom-klimat-bezpieczenstwo-energetyczne.html\" target=\"_blank\" rel=\"noopener\"><b>https:\/\/www.senat.gov.pl\/aktualnoscilista\/art,16491,debata-ekspercka-atom-klimat-bezpieczenstwo-energetyczne.html<\/b><\/a><\/p>\n<style>\/*! elementor - v3.18.0 - 20-12-2023 *\/<br \/>\n.elementor-widget-image{text-align:center}.elementor-widget-image a{display:inline-block}.elementor-widget-image a img[src$=\".svg\"]{width:48px}.elementor-widget-image img{vertical-align:middle;display:inline-block}<\/style>\n<p>\t\t\t\t\t\t\t\t\t\t\t\t<img fetchpriority=\"high\" decoding=\"async\" width=\"1019\" height=\"764\" src=\"http:\/\/ee2.put.poznan.pl\/wp-content\/uploads\/2024\/11\/20241118-wojtkowiak-atom-1024x768.jpg\" alt=\"\" srcset=\"https:\/\/ee2.put.poznan.pl\/wp-content\/uploads\/2024\/11\/20241118-wojtkowiak-atom-1024x768.jpg 1024w, https:\/\/ee2.put.poznan.pl\/wp-content\/uploads\/2024\/11\/20241118-wojtkowiak-atom-300x225.jpg 300w, https:\/\/ee2.put.poznan.pl\/wp-content\/uploads\/2024\/11\/20241118-wojtkowiak-atom-768x576.jpg 768w, https:\/\/ee2.put.poznan.pl\/wp-content\/uploads\/2024\/11\/20241118-wojtkowiak-atom-1536x1152.jpg 1536w, https:\/\/ee2.put.poznan.pl\/wp-content\/uploads\/2024\/11\/20241118-wojtkowiak-atom-2048x1536.jpg 2048w, https:\/\/ee2.put.poznan.pl\/wp-content\/uploads\/2024\/11\/20241118-wojtkowiak-atom-267x200.jpg 267w\" sizes=\"(max-width: 1019px) 100vw, 1019px\" \/><\/p>\n\n\n<p><\/p>\n","protected":false},"excerpt":{"rendered":"<p>18 pa\u017adziernika 2024 prof. Janusz Wojtkowiak uczestniczy\u0142, w roli panelisty reprezentuj\u0105cego Politechnik\u0119 Pozna\u0144sk\u0105, w konferencji \u201eAtom, klimat, bezpiecze\u0144stwo energetyczne\u201d zorganizowanej przez senatora Stanis\u0142awa Gaw\u0142owskiego &#8211; Przewodnicz\u0105cego Komisji Klimatu i \u015arodowiska. Konferencja odby\u0142a si\u0119 w gmachu Senatu RP w Warszawie. W dyskusji panelowej, obok reprezentanta PP, wzi\u0119li udzia\u0142 przedstawiciele Narodowego Centrum &hellip;<\/p>\n","protected":false},"author":2,"featured_media":2759,"comment_status":"closed","ping_status":"open","sticky":false,"template":"","format":"standard","meta":{"_monsterinsights_skip_tracking":false,"_monsterinsights_sitenote_active":false,"_monsterinsights_sitenote_note":"","_monsterinsights_sitenote_category":0,"footnotes":""},"categories":[29],"tags":[],"class_list":["post-2760","post","type-post","status-publish","format-standard","has-post-thumbnail","hentry","category-aktualnosci-pl"],"_links":{"self":[{"href":"https:\/\/ee2.put.poznan.pl\/index.php\/wp-json\/wp\/v2\/posts\/2760","targetHints":{"allow":["GET"]}}],"collection":[{"href":"https:\/\/ee2.put.poznan.pl\/index.php\/wp-json\/wp\/v2\/posts"}],"about":[{"href":"https:\/\/ee2.put.poznan.pl\/index.php\/wp-json\/wp\/v2\/types\/post"}],"author":[{"embeddable":true,"href":"https:\/\/ee2.put.poznan.pl\/index.php\/wp-json\/wp\/v2\/users\/2"}],"replies":[{"embeddable":true,"href":"https:\/\/ee2.put.poznan.pl\/index.php\/wp-json\/wp\/v2\/comments?post=2760"}],"version-history":[{"count":6,"href":"https:\/\/ee2.put.poznan.pl\/index.php\/wp-json\/wp\/v2\/posts\/2760\/revisions"}],"predecessor-version":[{"id":2767,"href":"https:\/\/ee2.put.poznan.pl\/index.php\/wp-json\/wp\/v2\/posts\/2760\/revisions\/2767"}],"wp:featuredmedia":[{"embeddable":true,"href":"https:\/\/ee2.put.poznan.pl\/index.php\/wp-json\/wp\/v2\/media\/2759"}],"wp:attachment":[{"href":"https:\/\/ee2.put.poznan.pl\/index.php\/wp-json\/wp\/v2\/media?parent=2760"}],"wp:term":[{"taxonomy":"category","embeddable":true,"href":"https:\/\/ee2.put.poznan.pl\/index.php\/wp-json\/wp\/v2\/categories?post=2760"},{"taxonomy":"post_tag","embeddable":true,"href":"https:\/\/ee2.put.poznan.pl\/index.php\/wp-json\/wp\/v2\/tags?post=2760"}],"curies":[{"name":"wp","href":"https:\/\/api.w.org\/{rel}","templated":true}]}}